{"id":5399,"date":"2026-04-16T20:07:00","date_gmt":"2026-04-16T20:07:00","guid":{"rendered":"https:\/\/www.bleuair.ch\/?p=5399"},"modified":"2026-09-02T10:44:07","modified_gmt":"2026-09-02T10:44:07","slug":"eine-globemaster-in-emmen","status":"publish","type":"post","link":"https:\/\/www.bleuair.ch\/?p=5399","title":{"rendered":"Eine Globemaster in Emmen!"},"content":{"rendered":"\n<p class=\"wp-block-paragraph\">Schon einmal vom &#8222;<a href=\"https:\/\/www.sacprogram.org\">Strategic Airlift Capability<\/a> &#8211; Heavy Aircraft Wing&#8220; geh\u00f6rt? Ich auch nicht. Bis letzten Montag! Die multinationale Lufttransportorganisation schickte eine ihrer Boeing C-17 nach Emmen. Und ein solches Ger\u00e4t ist schon sehr ungew\u00f6hnlich, weshalb ich f\u00fcr ein paar Fotos ausr\u00fccken konnte. Danke, Chef!<\/p>\n\n\n\n<figure class=\"wp-block-image size-large\"><img loading=\"lazy\" decoding=\"async\" width=\"1024\" height=\"683\" src=\"https:\/\/www.bleuair.ch\/wp-content\/medien\/MBC_1468_1200-1024x683.jpg\" alt=\"\" class=\"wp-image-5401\" srcset=\"https:\/\/www.bleuair.ch\/wp-content\/medien\/MBC_1468_1200-1024x683.jpg 1024w, https:\/\/www.bleuair.ch\/wp-content\/medien\/MBC_1468_1200-400x267.jpg 400w, https:\/\/www.bleuair.ch\/wp-content\/medien\/MBC_1468_1200-150x100.jpg 150w, https:\/\/www.bleuair.ch\/wp-content\/medien\/MBC_1468_1200-768x512.jpg 768w, https:\/\/www.bleuair.ch\/wp-content\/medien\/MBC_1468_1200.jpg 1200w\" sizes=\"auto, (max-width: 1024px) 100vw, 1024px\" \/><figcaption class=\"wp-element-caption\">Was kommt denn da angeschwebt? Grosser Brummer mit (wetterbedingt) kleinem Publikum&#8230;<\/figcaption><\/figure>\n\n\n\n<figure class=\"wp-block-image size-large\"><img loading=\"lazy\" decoding=\"async\" width=\"1024\" height=\"683\" src=\"https:\/\/www.bleuair.ch\/wp-content\/medien\/MBC_1478_1200-1024x683.jpg\" alt=\"\" class=\"wp-image-5402\" srcset=\"https:\/\/www.bleuair.ch\/wp-content\/medien\/MBC_1478_1200-1024x683.jpg 1024w, https:\/\/www.bleuair.ch\/wp-content\/medien\/MBC_1478_1200-400x267.jpg 400w, https:\/\/www.bleuair.ch\/wp-content\/medien\/MBC_1478_1200-150x100.jpg 150w, https:\/\/www.bleuair.ch\/wp-content\/medien\/MBC_1478_1200-768x512.jpg 768w, https:\/\/www.bleuair.ch\/wp-content\/medien\/MBC_1478_1200.jpg 1200w\" sizes=\"auto, (max-width: 1024px) 100vw, 1024px\" \/><figcaption class=\"wp-element-caption\">Definitiv schneller und mehr Fassungsverm\u00f6gen als der vbl Gelenkbus&#8230;<\/figcaption><\/figure>\n\n\n\n<figure class=\"wp-block-image size-large\"><img loading=\"lazy\" decoding=\"async\" width=\"1024\" height=\"683\" src=\"https:\/\/www.bleuair.ch\/wp-content\/medien\/MBC_1485_2400_1200-1024x683.jpg\" alt=\"\" class=\"wp-image-5403\" srcset=\"https:\/\/www.bleuair.ch\/wp-content\/medien\/MBC_1485_2400_1200-1024x683.jpg 1024w, https:\/\/www.bleuair.ch\/wp-content\/medien\/MBC_1485_2400_1200-400x267.jpg 400w, https:\/\/www.bleuair.ch\/wp-content\/medien\/MBC_1485_2400_1200-150x100.jpg 150w, https:\/\/www.bleuair.ch\/wp-content\/medien\/MBC_1485_2400_1200-768x512.jpg 768w, https:\/\/www.bleuair.ch\/wp-content\/medien\/MBC_1485_2400_1200.jpg 1200w\" sizes=\"auto, (max-width: 1024px) 100vw, 1024px\" \/><figcaption class=\"wp-element-caption\">B\u00e4mm! Leider einen Bruchteil einer Sekunde zu sp\u00e4t abgedr\u00fcckt&#8230; <\/figcaption><\/figure>\n\n\n\n<figure class=\"wp-block-image size-large\"><img loading=\"lazy\" decoding=\"async\" width=\"1024\" height=\"683\" src=\"https:\/\/www.bleuair.ch\/wp-content\/medien\/MBC_1517_1200-1024x683.jpg\" alt=\"\" class=\"wp-image-5404\" srcset=\"https:\/\/www.bleuair.ch\/wp-content\/medien\/MBC_1517_1200-1024x683.jpg 1024w, https:\/\/www.bleuair.ch\/wp-content\/medien\/MBC_1517_1200-400x267.jpg 400w, https:\/\/www.bleuair.ch\/wp-content\/medien\/MBC_1517_1200-150x100.jpg 150w, https:\/\/www.bleuair.ch\/wp-content\/medien\/MBC_1517_1200-768x512.jpg 768w, https:\/\/www.bleuair.ch\/wp-content\/medien\/MBC_1517_1200.jpg 1200w\" sizes=\"auto, (max-width: 1024px) 100vw, 1024px\" \/><figcaption class=\"wp-element-caption\">Im Rahmen einer \u00dcbung wurde ein slowenischer Cougar Heli nach Emmen in die Maintenance gebracht.<\/figcaption><\/figure>\n\n\n\n<figure class=\"wp-block-image size-large\"><img loading=\"lazy\" decoding=\"async\" width=\"1024\" height=\"683\" src=\"https:\/\/www.bleuair.ch\/wp-content\/medien\/MBC_1529_1200-1024x683.jpg\" alt=\"\" class=\"wp-image-5405\" srcset=\"https:\/\/www.bleuair.ch\/wp-content\/medien\/MBC_1529_1200-1024x683.jpg 1024w, https:\/\/www.bleuair.ch\/wp-content\/medien\/MBC_1529_1200-400x267.jpg 400w, https:\/\/www.bleuair.ch\/wp-content\/medien\/MBC_1529_1200-150x100.jpg 150w, https:\/\/www.bleuair.ch\/wp-content\/medien\/MBC_1529_1200-768x512.jpg 768w, https:\/\/www.bleuair.ch\/wp-content\/medien\/MBC_1529_1200.jpg 1200w\" sizes=\"auto, (max-width: 1024px) 100vw, 1024px\" \/><figcaption class=\"wp-element-caption\">Vier grosse Gebl\u00e4se (Pratt&amp;Whitney PW2000) helfen beim Piste trocknen&#8230;.<\/figcaption><\/figure>\n\n\n\n<figure class=\"wp-block-image size-large\"><img loading=\"lazy\" decoding=\"async\" width=\"1024\" height=\"683\" src=\"https:\/\/www.bleuair.ch\/wp-content\/medien\/MBC_1559_1200-1024x683.jpg\" alt=\"\" class=\"wp-image-5406\" srcset=\"https:\/\/www.bleuair.ch\/wp-content\/medien\/MBC_1559_1200-1024x683.jpg 1024w, https:\/\/www.bleuair.ch\/wp-content\/medien\/MBC_1559_1200-400x267.jpg 400w, https:\/\/www.bleuair.ch\/wp-content\/medien\/MBC_1559_1200-150x100.jpg 150w, https:\/\/www.bleuair.ch\/wp-content\/medien\/MBC_1559_1200-768x512.jpg 768w, https:\/\/www.bleuair.ch\/wp-content\/medien\/MBC_1559_1200.jpg 1200w\" sizes=\"auto, (max-width: 1024px) 100vw, 1024px\" \/><figcaption class=\"wp-element-caption\">Bestimmt auch f\u00fcr die TowerlotsInnen ein Spektakel. Leere C-17 beim Abflug von LSME Emmen. See ya!<\/figcaption><\/figure>\n\n\n\n<p class=\"wp-block-paragraph\">PS: Ein kleines Textchen f\u00fcr den <a href=\"https:\/\/www.caf-swisswing.ch\/verein\/contact\" data-type=\"link\" data-id=\"https:\/\/www.caf-swisswing.ch\/verein\/contact\">ContAct<\/a> entstand dann im August, siehe <a href=\"https:\/\/www.bleuair.ch\/wp-content\/medien\/CONTACT-124-2026-09-_SAC.pdf\" data-type=\"link\" data-id=\"https:\/\/www.bleuair.ch\/wp-content\/medien\/CONTACT-124-2026-09-_SAC.pdf\">dieses PDF<\/a>.<\/p>\n\n\n\n<p class=\"wp-block-paragraph\"><\/p>\n","protected":false},"excerpt":{"rendered":"<p>Schon einmal vom &#8222;Strategic Airlift Capability &#8211; Heavy Aircraft Wing&#8220; geh\u00f6rt? Ich auch nicht. Bis letzten Montag! Die multinationale Lufttransportorganisation schickte eine ihrer Boeing C-17 nach Emmen. Und ein solches Ger\u00e4t ist schon sehr ungew\u00f6hnlich, weshalb ich f\u00fcr ein paar &hellip; <a href=\"https:\/\/www.bleuair.ch\/?p=5399\">Weiterlesen <span class=\"meta-nav\">&rarr;<\/span><\/a><\/p>\n","protected":false},"author":34,"featured_media":0,"comment_status":"closed","ping_status":"open","sticky":false,"template":"","format":"gallery","meta":{"footnotes":""},"categories":[235,49,18,65],"tags":[117,608,194,193,609],"class_list":["post-5399","post","type-post","status-publish","format-gallery","hentry","category-aircraft","category-airports","category-ifr","category-spotting","tag-boeing","tag-c-17-globemaster-iii","tag-emmen","tag-lsme","tag-sac-program","post_format-post-format-gallery"],"_links":{"self":[{"href":"https:\/\/www.bleuair.ch\/index.php?rest_route=\/wp\/v2\/posts\/5399","targetHints":{"allow":["GET"]}}],"collection":[{"href":"https:\/\/www.bleuair.ch\/index.php?rest_route=\/wp\/v2\/posts"}],"about":[{"href":"https:\/\/www.bleuair.ch\/index.php?rest_route=\/wp\/v2\/types\/post"}],"author":[{"embeddable":true,"href":"https:\/\/www.bleuair.ch\/index.php?rest_route=\/wp\/v2\/users\/34"}],"replies":[{"embeddable":true,"href":"https:\/\/www.bleuair.ch\/index.php?rest_route=%2Fwp%2Fv2%2Fcomments&post=5399"}],"version-history":[{"count":4,"href":"https:\/\/www.bleuair.ch\/index.php?rest_route=\/wp\/v2\/posts\/5399\/revisions"}],"predecessor-version":[{"id":5412,"href":"https:\/\/www.bleuair.ch\/index.php?rest_route=\/wp\/v2\/posts\/5399\/revisions\/5412"}],"wp:attachment":[{"href":"https:\/\/www.bleuair.ch\/index.php?rest_route=%2Fwp%2Fv2%2Fmedia&parent=5399"}],"wp:term":[{"taxonomy":"category","embeddable":true,"href":"https:\/\/www.bleuair.ch\/index.php?rest_route=%2Fwp%2Fv2%2Fcategories&post=5399"},{"taxonomy":"post_tag","embeddable":true,"href":"https:\/\/www.bleuair.ch\/index.php?rest_route=%2Fwp%2Fv2%2Ftags&post=5399"}],"curies":[{"name":"wp","href":"https:\/\/api.w.org\/{rel}","templated":true}]}}